{"id":1887,"date":"2024-10-09T12:37:12","date_gmt":"2024-10-09T12:37:12","guid":{"rendered":"https:\/\/vaderkleinjan.nl\/organisieren-von-weihnachtsgetraenken-in-rotterdam\/"},"modified":"2024-10-11T08:17:56","modified_gmt":"2024-10-11T08:17:56","slug":"organisieren-von-weihnachtsgetraenken-in-rotterdam","status":"publish","type":"post","link":"https:\/\/vaderkleinjan.nl\/de\/organisieren-von-weihnachtsgetraenken-in-rotterdam\/","title":{"rendered":"Organisieren von Weihnachtsgetr\u00e4nken in Rotterdam"},"content":{"rendered":"\n<p>M\u00f6chten Sie dieses Jahr das Jahr mit Ihren Kollegen in einem stimmungsvollen Rahmen ausklingen lassen? Im Cafe Vader Kleinjan im Rotterdamer Oude Haven bieten wir Ihnen den perfekten Ort f\u00fcr einen unvergesslichen Weihnachtsumtrunk. Ob Sie mit einem kleinen Team oder einer gro\u00dfen Gruppe kommen, wir sorgen f\u00fcr ein festliches Ambiente und k\u00f6stliche Snacks und Getr\u00e4nke.  <\/p>\n\n<p><strong>Warum sollten Sie sich f\u00fcr ein Weihnachtsgetr\u00e4nk bei uns entscheiden?<\/strong><\/p>\n\n<ul class=\"wp-block-list\">\n<li>Authentische, gem\u00fctliche Atmosph\u00e4re im Herzen von Rotterdam<\/li>\n\n\n\n<li>Ma\u00dfgeschneiderte Getr\u00e4nke-Arrangements mit k\u00f6stlichen Snacks und Getr\u00e4nken<\/li>\n\n\n\n<li>Platz f\u00fcr kleine und gro\u00dfe Gruppen<\/li>\n\n\n\n<li>Zentrale Lage im historischen Alten Hafen<\/li>\n<\/ul>\n\n<p><strong>Wann?<\/strong>  Weihnachtsgetr\u00e4nke k\u00f6nnen an jedem beliebigen Tag organisiert werden. Wir passen uns gerne Ihren W\u00fcnschen an! <\/p>\n\n<p><strong>Optionen f\u00fcr Ihre Weihnachtsfeier:<\/strong><\/p>\n\n<ul class=\"wp-block-list\">\n<li>Getr\u00e4nke mit herzhaften Snacks<\/li>\n\n\n\n<li>Festliche Cocktails und Weihnachtsgetr\u00e4nke<\/li>\n<\/ul>\n\n<p><strong>Fragen Sie ruhig nach den M\u00f6glichkeiten!<\/strong><br\/>Setzen Sie sich mit uns in Verbindung, um Ihre idealen Weihnachtsgetr\u00e4nke zu besprechen und ein ma\u00dfgeschneidertes Paket zusammenzustellen.<\/p>\n\n<p>Machen Sie dieses Jahr zu etwas ganz Besonderem und feiern Sie die Feiertage mit Ihren Kollegen im Cafe Vader Kleinjan!<\/p>\n","protected":false},"excerpt":{"rendered":"<p>M\u00f6chten Sie dieses Jahr das Jahr mit Ihren Kollegen in einem stimmungsvollen Rahmen ausklingen lassen? Im Cafe Vader Kleinjan im Rotterdamer Oude Haven bieten wir Ihnen den perfekten Ort f\u00fcr einen unvergesslichen Weihnachtsumtrunk. Ob Sie mit einem kleinen Team oder einer gro\u00dfen Gruppe kommen, wir sorgen f\u00fcr ein festliches Ambiente und k\u00f6stliche Snacks und Getr\u00e4nke. [&hellip;]<\/p>\n","protected":false},"author":2,"featured_media":1885,"comment_status":"closed","ping_status":"closed","sticky":false,"template":"","format":"standard","meta":{"footnotes":""},"categories":[27],"tags":[],"class_list":["post-1887","post","type-post","status-publish","format-standard","has-post-thumbnail","hentry","category-winter-de"],"_links":{"self":[{"href":"https:\/\/vaderkleinjan.nl\/de\/wp-json\/wp\/v2\/posts\/1887","targetHints":{"allow":["GET"]}}],"collection":[{"href":"https:\/\/vaderkleinjan.nl\/de\/wp-json\/wp\/v2\/posts"}],"about":[{"href":"https:\/\/vaderkleinjan.nl\/de\/wp-json\/wp\/v2\/types\/post"}],"author":[{"embeddable":true,"href":"https:\/\/vaderkleinjan.nl\/de\/wp-json\/wp\/v2\/users\/2"}],"replies":[{"embeddable":true,"href":"https:\/\/vaderkleinjan.nl\/de\/wp-json\/wp\/v2\/comments?post=1887"}],"version-history":[{"count":2,"href":"https:\/\/vaderkleinjan.nl\/de\/wp-json\/wp\/v2\/posts\/1887\/revisions"}],"predecessor-version":[{"id":1895,"href":"https:\/\/vaderkleinjan.nl\/de\/wp-json\/wp\/v2\/posts\/1887\/revisions\/1895"}],"wp:featuredmedia":[{"embeddable":true,"href":"https:\/\/vaderkleinjan.nl\/de\/wp-json\/wp\/v2\/media\/1885"}],"wp:attachment":[{"href":"https:\/\/vaderkleinjan.nl\/de\/wp-json\/wp\/v2\/media?parent=1887"}],"wp:term":[{"taxonomy":"category","embeddable":true,"href":"https:\/\/vaderkleinjan.nl\/de\/wp-json\/wp\/v2\/categories?post=1887"},{"taxonomy":"post_tag","embeddable":true,"href":"https:\/\/vaderkleinjan.nl\/de\/wp-json\/wp\/v2\/tags?post=1887"}],"curies":[{"name":"wp","href":"https:\/\/api.w.org\/{rel}","templated":true}]}}