{"id":2002,"date":"2025-01-28T11:21:49","date_gmt":"2025-01-28T11:21:49","guid":{"rendered":"https:\/\/vaderkleinjan.nl\/osterwochenende-gemuetliches-beisammensein-bei-vater-kleinjan\/"},"modified":"2025-01-28T11:36:20","modified_gmt":"2025-01-28T11:36:20","slug":"osterwochenende-gemuetliches-beisammensein-bei-vater-kleinjan","status":"publish","type":"post","link":"https:\/\/vaderkleinjan.nl\/de\/osterwochenende-gemuetliches-beisammensein-bei-vater-kleinjan\/","title":{"rendered":"Osterwochenende &#8211; Gem\u00fctliches Beisammensein bei Vater Kleinjan"},"content":{"rendered":"\n<p>Ostern ist die Zeit der Geselligkeit bei Pater Kleinjan. Kommen Sie und genie\u00dfen Sie entspannte Drinks mit Freunden und Familie in unserem stimmungsvollen Lokal. Lassen Sie sich von unserem Osterangebot \u00fcberraschen und machen Sie das Wochenende zu etwas ganz Besonderem. F\u00fcr einen Drink, einen Happen zu essen und Rotterdamer Gem\u00fctlichkeit sind Sie hier genau richtig!<\/p>\n\n<p><\/p>\n","protected":false},"excerpt":{"rendered":"<p>Ostern ist die Zeit der Geselligkeit bei Pater Kleinjan. Kommen Sie und genie\u00dfen Sie entspannte Drinks mit Freunden und Familie in unserem stimmungsvollen Lokal. Lassen Sie sich von unserem Osterangebot \u00fcberraschen und machen Sie das Wochenende zu etwas ganz Besonderem. F\u00fcr einen Drink, einen Happen zu essen und Rotterdamer Gem\u00fctlichkeit sind Sie hier genau richtig!<\/p>\n","protected":false},"author":2,"featured_media":2005,"comment_status":"closed","ping_status":"closed","sticky":false,"template":"","format":"standard","meta":{"footnotes":""},"categories":[32],"tags":[],"class_list":["post-2002","post","type-post","status-publish","format-standard","has-post-thumbnail","hentry","category-ostern"],"_links":{"self":[{"href":"https:\/\/vaderkleinjan.nl\/de\/wp-json\/wp\/v2\/posts\/2002","targetHints":{"allow":["GET"]}}],"collection":[{"href":"https:\/\/vaderkleinjan.nl\/de\/wp-json\/wp\/v2\/posts"}],"about":[{"href":"https:\/\/vaderkleinjan.nl\/de\/wp-json\/wp\/v2\/types\/post"}],"author":[{"embeddable":true,"href":"https:\/\/vaderkleinjan.nl\/de\/wp-json\/wp\/v2\/users\/2"}],"replies":[{"embeddable":true,"href":"https:\/\/vaderkleinjan.nl\/de\/wp-json\/wp\/v2\/comments?post=2002"}],"version-history":[{"count":2,"href":"https:\/\/vaderkleinjan.nl\/de\/wp-json\/wp\/v2\/posts\/2002\/revisions"}],"predecessor-version":[{"id":2021,"href":"https:\/\/vaderkleinjan.nl\/de\/wp-json\/wp\/v2\/posts\/2002\/revisions\/2021"}],"wp:featuredmedia":[{"embeddable":true,"href":"https:\/\/vaderkleinjan.nl\/de\/wp-json\/wp\/v2\/media\/2005"}],"wp:attachment":[{"href":"https:\/\/vaderkleinjan.nl\/de\/wp-json\/wp\/v2\/media?parent=2002"}],"wp:term":[{"taxonomy":"category","embeddable":true,"href":"https:\/\/vaderkleinjan.nl\/de\/wp-json\/wp\/v2\/categories?post=2002"},{"taxonomy":"post_tag","embeddable":true,"href":"https:\/\/vaderkleinjan.nl\/de\/wp-json\/wp\/v2\/tags?post=2002"}],"curies":[{"name":"wp","href":"https:\/\/api.w.org\/{rel}","templated":true}]}}