{"id":2018,"date":"2025-01-28T11:31:43","date_gmt":"2025-01-28T11:31:43","guid":{"rendered":"https:\/\/vaderkleinjan.nl\/valentinstag-liebe-liegt-in-der-luft-bei-vater-kleinjan\/"},"modified":"2025-01-28T11:34:37","modified_gmt":"2025-01-28T11:34:37","slug":"valentinstag-liebe-liegt-in-der-luft-bei-vater-kleinjan","status":"publish","type":"post","link":"https:\/\/vaderkleinjan.nl\/de\/valentinstag-liebe-liegt-in-der-luft-bei-vater-kleinjan\/","title":{"rendered":"Valentinstag &#8211; Liebe liegt in der Luft bei Vater Kleinjan"},"content":{"rendered":"\n<p>Liebe geht durch den Magen, und wir bei Pater Kleinjan wissen, wie man einen romantischen Abend komplett macht. Kommen Sie und genie\u00dfen Sie gemeinsam ein gem\u00fctliches Getr\u00e4nk oder einen leckeren Snack. Ob Sie sich gerade erst verliebt haben oder schon seit Jahren zusammen sind, wir bieten Ihnen einen stimmungsvollen Rahmen, um Ihren Valentinstag unvergesslich zu machen.<\/p>\n","protected":false},"excerpt":{"rendered":"<p>Liebe geht durch den Magen, und wir bei Pater Kleinjan wissen, wie man einen romantischen Abend komplett macht. Kommen Sie und genie\u00dfen Sie gemeinsam ein gem\u00fctliches Getr\u00e4nk oder einen leckeren Snack. Ob Sie sich gerade erst verliebt haben oder schon seit Jahren zusammen sind, wir bieten Ihnen einen stimmungsvollen Rahmen, um Ihren Valentinstag unvergesslich zu [&hellip;]<\/p>\n","protected":false},"author":2,"featured_media":2016,"comment_status":"closed","ping_status":"closed","sticky":false,"template":"","format":"standard","meta":{"footnotes":""},"categories":[30],"tags":[],"class_list":["post-2018","post","type-post","status-publish","format-standard","has-post-thumbnail","hentry","category-valentinstag"],"_links":{"self":[{"href":"https:\/\/vaderkleinjan.nl\/de\/wp-json\/wp\/v2\/posts\/2018","targetHints":{"allow":["GET"]}}],"collection":[{"href":"https:\/\/vaderkleinjan.nl\/de\/wp-json\/wp\/v2\/posts"}],"about":[{"href":"https:\/\/vaderkleinjan.nl\/de\/wp-json\/wp\/v2\/types\/post"}],"author":[{"embeddable":true,"href":"https:\/\/vaderkleinjan.nl\/de\/wp-json\/wp\/v2\/users\/2"}],"replies":[{"embeddable":true,"href":"https:\/\/vaderkleinjan.nl\/de\/wp-json\/wp\/v2\/comments?post=2018"}],"version-history":[{"count":2,"href":"https:\/\/vaderkleinjan.nl\/de\/wp-json\/wp\/v2\/posts\/2018\/revisions"}],"predecessor-version":[{"id":2020,"href":"https:\/\/vaderkleinjan.nl\/de\/wp-json\/wp\/v2\/posts\/2018\/revisions\/2020"}],"wp:featuredmedia":[{"embeddable":true,"href":"https:\/\/vaderkleinjan.nl\/de\/wp-json\/wp\/v2\/media\/2016"}],"wp:attachment":[{"href":"https:\/\/vaderkleinjan.nl\/de\/wp-json\/wp\/v2\/media?parent=2018"}],"wp:term":[{"taxonomy":"category","embeddable":true,"href":"https:\/\/vaderkleinjan.nl\/de\/wp-json\/wp\/v2\/categories?post=2018"},{"taxonomy":"post_tag","embeddable":true,"href":"https:\/\/vaderkleinjan.nl\/de\/wp-json\/wp\/v2\/tags?post=2018"}],"curies":[{"name":"wp","href":"https:\/\/api.w.org\/{rel}","templated":true}]}}