{"id":2053,"date":"2025-04-28T10:56:59","date_gmt":"2025-04-28T10:56:59","guid":{"rendered":"https:\/\/vaderkleinjan.nl\/vatertag-in-rotterdam\/"},"modified":"2025-05-05T19:37:19","modified_gmt":"2025-05-05T19:37:19","slug":"vatertag-in-rotterdam","status":"publish","type":"post","link":"https:\/\/vaderkleinjan.nl\/de\/vatertag-in-rotterdam\/","title":{"rendered":"Vatertag in Rotterdam"},"content":{"rendered":"\n<p>Vater Kleinjan am Vatertag &#8211; das sollten Sie feiern!<br\/>G\u00f6nnen Sie Ihrem Vater ein gutes Glas Spezialbier und eine deftige Getr\u00e4nkekarte und machen Sie sich einen sch\u00f6nen Tag.<\/p>\n","protected":false},"excerpt":{"rendered":"<p>Vater Kleinjan am Vatertag &#8211; das sollten Sie feiern!G\u00f6nnen Sie Ihrem Vater ein gutes Glas Spezialbier und eine deftige Getr\u00e4nkekarte und machen Sie sich einen sch\u00f6nen Tag.<\/p>\n","protected":false},"author":2,"featured_media":2108,"comment_status":"closed","ping_status":"closed","sticky":false,"template":"","format":"standard","meta":{"footnotes":""},"categories":[38],"tags":[],"class_list":["post-2053","post","type-post","status-publish","format-standard","has-post-thumbnail","hentry","category-vatertag"],"_links":{"self":[{"href":"https:\/\/vaderkleinjan.nl\/de\/wp-json\/wp\/v2\/posts\/2053","targetHints":{"allow":["GET"]}}],"collection":[{"href":"https:\/\/vaderkleinjan.nl\/de\/wp-json\/wp\/v2\/posts"}],"about":[{"href":"https:\/\/vaderkleinjan.nl\/de\/wp-json\/wp\/v2\/types\/post"}],"author":[{"embeddable":true,"href":"https:\/\/vaderkleinjan.nl\/de\/wp-json\/wp\/v2\/users\/2"}],"replies":[{"embeddable":true,"href":"https:\/\/vaderkleinjan.nl\/de\/wp-json\/wp\/v2\/comments?post=2053"}],"version-history":[{"count":1,"href":"https:\/\/vaderkleinjan.nl\/de\/wp-json\/wp\/v2\/posts\/2053\/revisions"}],"predecessor-version":[{"id":2054,"href":"https:\/\/vaderkleinjan.nl\/de\/wp-json\/wp\/v2\/posts\/2053\/revisions\/2054"}],"wp:featuredmedia":[{"embeddable":true,"href":"https:\/\/vaderkleinjan.nl\/de\/wp-json\/wp\/v2\/media\/2108"}],"wp:attachment":[{"href":"https:\/\/vaderkleinjan.nl\/de\/wp-json\/wp\/v2\/media?parent=2053"}],"wp:term":[{"taxonomy":"category","embeddable":true,"href":"https:\/\/vaderkleinjan.nl\/de\/wp-json\/wp\/v2\/categories?post=2053"},{"taxonomy":"post_tag","embeddable":true,"href":"https:\/\/vaderkleinjan.nl\/de\/wp-json\/wp\/v2\/tags?post=2053"}],"curies":[{"name":"wp","href":"https:\/\/api.w.org\/{rel}","templated":true}]}}